{"id":963,"date":"2026-09-03T15:34:06","date_gmt":"2026-09-03T15:34:06","guid":{"rendered":"https:\/\/rebtv.org\/?p=963"},"modified":"2026-09-03T15:34:08","modified_gmt":"2026-09-03T15:34:08","slug":"butembo-rentree-scolaire-a-linstitut-matanda-une-nouvelle-annee-sous-le-signe-de-lengagement-et-de-lexcellence","status":"publish","type":"post","link":"https:\/\/rebtv.org\/?p=963","title":{"rendered":"Butembo\/Rentr\u00e9e Scolaire \u00e0 l\u2019Institut Matanda\u00a0: une nouvelle ann\u00e9e sous le signe de l\u2019engagement et de l\u2019excellence"},"content":{"rendered":"\n<p class=\"wp-block-paragraph\"><\/p>\n\n\n\n<p class=\"wp-block-paragraph\"><strong>Ouverture solennelle de l\u2019ann\u00e9e scolaire 2026- 2027, sur toute l\u2019\u00e9tendue de la R\u00e9publique D\u00e9mocratique du Congo ce mardi 1<sup>er<\/sup> septembre 2026. La Rebtv s\u2019est rendue t\u00f4t le matin de ce mardi&nbsp; 1<sup>er<\/sup> septembre 2026,&nbsp; \u00e0 l\u2019Institut Matanda une \u00e9cole de la CBCA situ\u00e9e en cellule Vulyambo quartier Bwinongo, commune de Mususa pour&nbsp; palper du doigt la r\u00e9alit\u00e9 de l\u2019effectivit\u00e9 des activit\u00e9s scolaires d\u00e8s ce premier&nbsp; jour de la rentr\u00e9e des classes.&nbsp;<\/strong><\/p>\n\n\n\n<p class=\"wp-block-paragraph\">C\u2019\u00e9tait&nbsp; autour de 7 heures 45 minutes, que le charg\u00e9 de la discipline sous la supervision de Sikiminywa Ruhasa Justin, nouveau pr\u00e9fet des \u00e9tudes de l\u2019Institut Matanda&nbsp; assist\u00e9 de l\u2019honorable Kambale Mulenda Boaz, d\u00e9put\u00e9 provinciale \u00e9lu du territoire de Lubero, ont anim\u00e9 conjointement le rassemblement matinal en donnant quelques orientations&nbsp; aux \u00e9l\u00e8ves pr\u00e9sents.<\/p>\n\n\n\n<figure class=\"wp-block-image size-large\"><img loading=\"lazy\" decoding=\"async\" width=\"683\" height=\"1024\" src=\"https:\/\/rebtv.org\/wp-content\/uploads\/2026\/09\/boaz-683x1024.jpg\" alt=\"\" class=\"wp-image-965\" srcset=\"https:\/\/rebtv.org\/wp-content\/uploads\/2026\/09\/boaz-683x1024.jpg 683w, https:\/\/rebtv.org\/wp-content\/uploads\/2026\/09\/boaz-200x300.jpg 200w, https:\/\/rebtv.org\/wp-content\/uploads\/2026\/09\/boaz.jpg 720w\" sizes=\"auto, (max-width: 683px) 100vw, 683px\" \/><\/figure>\n\n\n\n<p class=\"wp-block-paragraph\">Apr\u00e8s ce moment d\u2019animation et d\u2019orientation, les apprenants sont entr\u00e9s dans leurs salles de classes afin de suivre les enseignements. Se confiant au micro de la v\u00f4tre radio, Sikiminywa Ruhasa Justin, a fait savoir que les activit\u00e9s d\u2019ouverture de l\u2019ann\u00e9e scolaire&nbsp; \u00e0 l\u2019institut Matanda se bel et bien d\u00e9roul\u00e9es d\u00e8s ce premier jour. Il invite les parents dont les enfants trainent le pas&nbsp; \u00e0 la maison de leur faire inscrire \u00e0 l\u2019institut susdit car ils recevront une formation de qualit\u00e9.<\/p>\n\n\n\n<p class=\"wp-block-paragraph\">A la question de savoir comment les enseignants de cette \u00e9cole de la CBCA, se sont pr\u00e9par\u00e9s pour l\u2019encadrement des enfants au courant de l\u2019ann\u00e9e, monsieur Kambale Mukonzo Gerlance r\u00e9pond en ces termes.<\/p>\n\n\n\n<p class=\"wp-block-paragraph\">L\u2019institut Matanda organise trois options dont : la P\u00e9dagogie G\u00e9n\u00e9rale, la construction et l\u2019Agriculture G\u00e9n\u00e9rale. <\/p>\n\n\n\n<p class=\"wp-block-paragraph\"><strong><em>Mapendo Maliyabwana Bin Victor<\/em><\/strong><\/p>\n\n\n\n<p class=\"wp-block-paragraph\"><\/p>\n","protected":false},"excerpt":{"rendered":"<p>Ouverture solennelle de l\u2019ann\u00e9e scolaire 2026- 2027, sur toute l\u2019\u00e9tendue de la R\u00e9publique D\u00e9mocratique du Congo ce mardi<\/p>\n","protected":false},"author":2,"featured_media":964,"comment_status":"open","ping_status":"open","sticky":false,"template":"","format":"standard","meta":{"footnotes":""},"categories":[16],"tags":[],"class_list":["post-963","post","type-post","status-publish","format-standard","has-post-thumbnail","hentry","category-education"],"_links":{"self":[{"href":"https:\/\/rebtv.org\/index.php?rest_route=\/wp\/v2\/posts\/963","targetHints":{"allow":["GET"]}}],"collection":[{"href":"https:\/\/rebtv.org\/index.php?rest_route=\/wp\/v2\/posts"}],"about":[{"href":"https:\/\/rebtv.org\/index.php?rest_route=\/wp\/v2\/types\/post"}],"author":[{"embeddable":true,"href":"https:\/\/rebtv.org\/index.php?rest_route=\/wp\/v2\/users\/2"}],"replies":[{"embeddable":true,"href":"https:\/\/rebtv.org\/index.php?rest_route=%2Fwp%2Fv2%2Fcomments&post=963"}],"version-history":[{"count":1,"href":"https:\/\/rebtv.org\/index.php?rest_route=\/wp\/v2\/posts\/963\/revisions"}],"predecessor-version":[{"id":966,"href":"https:\/\/rebtv.org\/index.php?rest_route=\/wp\/v2\/posts\/963\/revisions\/966"}],"wp:featuredmedia":[{"embeddable":true,"href":"https:\/\/rebtv.org\/index.php?rest_route=\/wp\/v2\/media\/964"}],"wp:attachment":[{"href":"https:\/\/rebtv.org\/index.php?rest_route=%2Fwp%2Fv2%2Fmedia&parent=963"}],"wp:term":[{"taxonomy":"category","embeddable":true,"href":"https:\/\/rebtv.org\/index.php?rest_route=%2Fwp%2Fv2%2Fcategories&post=963"},{"taxonomy":"post_tag","embeddable":true,"href":"https:\/\/rebtv.org\/index.php?rest_route=%2Fwp%2Fv2%2Ftags&post=963"}],"curies":[{"name":"wp","href":"https:\/\/api.w.org\/{rel}","templated":true}]}}