{"id":960,"date":"2026-08-29T05:47:53","date_gmt":"2026-08-29T05:47:53","guid":{"rendered":"https:\/\/rebtv.org\/?p=960"},"modified":"2026-08-29T05:47:56","modified_gmt":"2026-08-29T05:47:56","slug":"lutte-contre-ebola-la-cbca-et-le-bdom-forment-des-formateurs-sur-les-methodes-de-prevention-de-cette-epidemie-dans-la-region","status":"publish","type":"post","link":"https:\/\/rebtv.org\/?p=960","title":{"rendered":"Lutte contre EBOLA : La CBCA et le BDOM forment des formateurs sur les m\u00e9thodes de pr\u00e9vention de cette \u00e9pid\u00e9mie dans la r\u00e9gion"},"content":{"rendered":"\n<p class=\"wp-block-paragraph\"><\/p>\n\n\n\n<p class=\"wp-block-paragraph\">La Communaut\u00e9 Baptiste au Centre de l&rsquo;Afrique \u00ab&nbsp;CBCA&nbsp;\u00bb en collaboration avec le Bureau Dioc\u00e9sain des \u0152uvres M\u00e9dicales \u00ab&nbsp;BDOM&nbsp;\u00bb ont organis\u00e9s ce vendredi 28 Ao\u00fbt 2026 une s\u00e9ance de formation \u00e0 l&rsquo;intention des points focaux des diff\u00e9rentes zones de sant\u00e9 de la partie Grand Nord de la province du Nord-kivu sur diff\u00e9rentes m\u00e9thodes de pr\u00e9vention de la maladie \u00e0 virus ebola.<\/p>\n\n\n\n<p class=\"wp-block-paragraph\">&nbsp;Cette activit\u00e9 c&rsquo;est d\u00e9roul\u00e9e dans la salle de r\u00e9union du BDOM situ\u00e9 au quartier de l&rsquo;\u00e9v\u00each\u00e9 en commune bulengera en ville de Butembo. Les participants ont suivi plusieurs th\u00e9matiques entre autres l&rsquo;hygi\u00e8ne des mains, la pr\u00e9vention et contr\u00f4le des infections pendant l&rsquo;\u00e9pid\u00e9mie d&rsquo;Ebola. Ceux-ci sont venus des zones de sant\u00e9 de katwa, Butembo, Biena, masereka, musienene, kyondo, B\u00e9ni, Biena, mangurejipa, Lubero pour ne cit\u00e9 que cela.<\/p>\n\n\n\n<p class=\"wp-block-paragraph\">&nbsp;Dans son expos\u00e9 monsieur PALUKU SYAGHUSWA VIANEY, l&rsquo;un des facilitateurs de cette formation indique que ces assises avaient pour objectif de contribuer \u00e0 la diminution de la cha\u00eene de transmission de la maladie \u00e0 virus EBOLA.<\/p>\n\n\n\n<p class=\"wp-block-paragraph\">&nbsp;Prenant la parole le docteur KAMABU m\u00e9decin conseil Grand&nbsp; Nord au sein de la CBCA a insist\u00e9 sur les \u00e9tapes \u00e0 respecter lors de l&rsquo;hygi\u00e8ne des mains.<\/p>\n\n\n\n<p class=\"wp-block-paragraph\"><\/p>\n\n\n\n<p class=\"wp-block-paragraph\">Erick masete<\/p>\n","protected":false},"excerpt":{"rendered":"<p>La Communaut\u00e9 Baptiste au Centre de l&rsquo;Afrique \u00ab&nbsp;CBCA&nbsp;\u00bb en collaboration avec le Bureau Dioc\u00e9sain des \u0152uvres M\u00e9dicales \u00ab&nbsp;BDOM&nbsp;\u00bb<\/p>\n","protected":false},"author":2,"featured_media":961,"comment_status":"open","ping_status":"open","sticky":false,"template":"","format":"standard","meta":{"footnotes":""},"categories":[5],"tags":[],"class_list":["post-960","post","type-post","status-publish","format-standard","has-post-thumbnail","hentry","category-societe"],"_links":{"self":[{"href":"https:\/\/rebtv.org\/index.php?rest_route=\/wp\/v2\/posts\/960","targetHints":{"allow":["GET"]}}],"collection":[{"href":"https:\/\/rebtv.org\/index.php?rest_route=\/wp\/v2\/posts"}],"about":[{"href":"https:\/\/rebtv.org\/index.php?rest_route=\/wp\/v2\/types\/post"}],"author":[{"embeddable":true,"href":"https:\/\/rebtv.org\/index.php?rest_route=\/wp\/v2\/users\/2"}],"replies":[{"embeddable":true,"href":"https:\/\/rebtv.org\/index.php?rest_route=%2Fwp%2Fv2%2Fcomments&post=960"}],"version-history":[{"count":1,"href":"https:\/\/rebtv.org\/index.php?rest_route=\/wp\/v2\/posts\/960\/revisions"}],"predecessor-version":[{"id":962,"href":"https:\/\/rebtv.org\/index.php?rest_route=\/wp\/v2\/posts\/960\/revisions\/962"}],"wp:featuredmedia":[{"embeddable":true,"href":"https:\/\/rebtv.org\/index.php?rest_route=\/wp\/v2\/media\/961"}],"wp:attachment":[{"href":"https:\/\/rebtv.org\/index.php?rest_route=%2Fwp%2Fv2%2Fmedia&parent=960"}],"wp:term":[{"taxonomy":"category","embeddable":true,"href":"https:\/\/rebtv.org\/index.php?rest_route=%2Fwp%2Fv2%2Fcategories&post=960"},{"taxonomy":"post_tag","embeddable":true,"href":"https:\/\/rebtv.org\/index.php?rest_route=%2Fwp%2Fv2%2Ftags&post=960"}],"curies":[{"name":"wp","href":"https:\/\/api.w.org\/{rel}","templated":true}]}}