{"id":688,"date":"2026-05-01T13:40:17","date_gmt":"2026-05-01T13:40:17","guid":{"rendered":"https:\/\/rebtv.org\/?p=688"},"modified":"2026-05-01T13:40:19","modified_gmt":"2026-05-01T13:40:19","slug":"justice-scolaire-les-punitions-corporelles-dans-les-milieux-scolaires-la-commission-nationale-de-droits-de-lhomme-plaide-pour-son-extirpation","status":"publish","type":"post","link":"https:\/\/rebtv.org\/?p=688","title":{"rendered":"Justice\u00a0\/ scolaire\u00a0: Les punitions corporelles dans les milieux scolaires, la commission Nationale de droits de l\u2019homme plaide pour son extirpation"},"content":{"rendered":"\n<p><\/p>\n\n\n\n<p>A la c\u00e9l\u00e9bration de la journ\u00e9e internationale de non violence en milieu scolaire ce jeudi 30 avril 2026 en RDC, la commission Nationale de droits de l\u2019homme appelle les enseignants et les autres acteurs \u00e9ducatifs \u00e0 combattre la pratique des punitions physiques et psychologiques aux apprenants.<\/p>\n\n\n\n<p>Pour Maitre Vincent KAYEMBE, coordonateur Nationale de cette structure, toutes ces pratiques constituent une violation des droits de l\u2019enfant et doivent \u00eatre combattu et \u00eatre d\u00e9clar\u00e9es pour que les auteurs soient punis conform\u00e9ment aux lois du pays.<\/p>\n\n\n\n<p>Il pense qu\u2019au lieu d\u2019investir dans cette pratique que la plupart d\u2019enseignants utilisent comme une m\u00e9thodologie d\u2019instaurer la discipline au sein de leurs \u00e9coles, il est mieux de privil\u00e9gier des sanctions adopt\u00e9es pour valoriser une \u00e9ducation respectueuse.<\/p>\n\n\n\n<p><em>\u00ab&nbsp; Il y a des coups qu\u2019on administre aux enfants et g\u00e9n\u00e9ralement ces violence conduisent aux l\u00e9gions corporels. Donc, le climat malsain qui d\u00e9coule du fait que la violence administr\u00e9e \u00e0 l\u2019enfant, il faut qu\u2019il soit extirp\u00e9 des milieux scolaires. C\u2019est mieux e respecter les droits de l\u2019enfant, c\u2019est mieux d\u2019assurer la promotion et de travailler la main dans main pour extirper dans nos milieux scolaires toutes les violences utilis\u00e9es comme m\u00e9thodes \u00e9ducatives. Pour nous, ces m\u00e9thodes sont \u00e0 \u00e9radiquer pour les remplacer par d\u2019autres plus adapt\u00e9es afin d\u2019assurer l\u2019\u00e9ducation de nos enfants&nbsp;\u00bb a-t-d\u00e9clar\u00e9 Me Vincent Kayembe &nbsp;<\/em><\/p>\n\n\n\n<p>Rapelons qu\u2019en droit congolais, les punitions corporelles sont formellement interdites et ill\u00e9gales dans tous les cadres (\u00e9cole, maison, institutions). La loi n\u00b0 09\/001 sur la protection de l\u2019enfant et de la loi n\u00b0 11\/008 sur la torture punissent s\u00e9v\u00e8rement ces pratiques consid\u00e9r\u00e9es comme des coups et blessures volontaires ou des actes des tortures.<\/p>\n\n\n\n<p>Adam Katina Jackson<\/p>\n","protected":false},"excerpt":{"rendered":"<p>A la c\u00e9l\u00e9bration de la journ\u00e9e internationale de non violence en milieu scolaire ce jeudi 30 avril 2026<\/p>\n","protected":false},"author":2,"featured_media":689,"comment_status":"open","ping_status":"open","sticky":false,"template":"","format":"standard","meta":{"footnotes":""},"categories":[16],"tags":[],"class_list":["post-688","post","type-post","status-publish","format-standard","has-post-thumbnail","hentry","category-education"],"_links":{"self":[{"href":"https:\/\/rebtv.org\/index.php?rest_route=\/wp\/v2\/posts\/688","targetHints":{"allow":["GET"]}}],"collection":[{"href":"https:\/\/rebtv.org\/index.php?rest_route=\/wp\/v2\/posts"}],"about":[{"href":"https:\/\/rebtv.org\/index.php?rest_route=\/wp\/v2\/types\/post"}],"author":[{"embeddable":true,"href":"https:\/\/rebtv.org\/index.php?rest_route=\/wp\/v2\/users\/2"}],"replies":[{"embeddable":true,"href":"https:\/\/rebtv.org\/index.php?rest_route=%2Fwp%2Fv2%2Fcomments&post=688"}],"version-history":[{"count":1,"href":"https:\/\/rebtv.org\/index.php?rest_route=\/wp\/v2\/posts\/688\/revisions"}],"predecessor-version":[{"id":690,"href":"https:\/\/rebtv.org\/index.php?rest_route=\/wp\/v2\/posts\/688\/revisions\/690"}],"wp:featuredmedia":[{"embeddable":true,"href":"https:\/\/rebtv.org\/index.php?rest_route=\/wp\/v2\/media\/689"}],"wp:attachment":[{"href":"https:\/\/rebtv.org\/index.php?rest_route=%2Fwp%2Fv2%2Fmedia&parent=688"}],"wp:term":[{"taxonomy":"category","embeddable":true,"href":"https:\/\/rebtv.org\/index.php?rest_route=%2Fwp%2Fv2%2Fcategories&post=688"},{"taxonomy":"post_tag","embeddable":true,"href":"https:\/\/rebtv.org\/index.php?rest_route=%2Fwp%2Fv2%2Ftags&post=688"}],"curies":[{"name":"wp","href":"https:\/\/api.w.org\/{rel}","templated":true}]}}