{"id":679,"date":"2026-04-29T16:56:44","date_gmt":"2026-04-29T16:56:44","guid":{"rendered":"https:\/\/rebtv.org\/?p=679"},"modified":"2026-04-29T16:56:46","modified_gmt":"2026-04-29T16:56:46","slug":"masereka-election-jimmy-kavurahire-elu-nouveau-president-de-la-societe-civile-noyau-de-masereka","status":"publish","type":"post","link":"https:\/\/rebtv.org\/?p=679","title":{"rendered":"Masereka\/ Election: Jimmy KAVURAHIRE \u00e9lu nouveau Pr\u00e9sident de la Soci\u00e9t\u00e9 Civile Noyau de Masereka"},"content":{"rendered":"\n<p><\/p>\n\n\n\n<p>Election d\u2019une nouveaux animateurs de la Soci\u00e9t\u00e9 Civile de la commune Rurale de Masereka ce Mercredi 29 avril 2026 \u00e0 la &nbsp;salle polyvalente Saint Donat de &nbsp;Masereka.<\/p>\n\n\n\n<p>Les activit\u00e9s \u00e9lectives qui ont mis autour d\u2019une m\u00eame table les habitants de la commune de Masereka venus des diff\u00e9rentes associations mutuelles, confessions religieuses fonctionnant dans cet endroit du territoire de Lubero, en province du Nord-Kivu se sont d\u00e9roul\u00e9es depuis 8 heures du matin de ce m\u00eame mercredi sous la coordination des animateurs de la coordination territoriale de la soci\u00e9t\u00e9 civile de lubero.<\/p>\n\n\n\n<p>Apr\u00e8s d\u00e9pouillement les r\u00e9sultats se pr\u00e9sentent comme suit&nbsp;<\/p>\n\n\n\n<ul class=\"wp-block-list\">\n<li>Est \u00e9lu Pr\u00e9sident\u00a0: Monsieur Kasereka Kavurahire Jimmy avec 118 voix sur 652 voix exprim\u00e9es\u00a0;<\/li>\n\n\n\n<li>Est \u00e9lu premier vice-pr\u00e9sident\u00a0: Monsieur Mumbere Muko Remy Avec 305 voix sur 652 voix exprim\u00e9es\u00a0;<\/li>\n\n\n\n<li>Est \u00a0\u00e9lu deuxi\u00e8me vice-pr\u00e9sidente\u00a0: Madame Kyakimwa\u00a0 Nzuki Neema avec 277 voix sur 625 exprim\u00e9es\u00a0;<\/li>\n\n\n\n<li>Est \u00e9lu rapporteur General\u00a0: Monsieur Muhindo Kisando avec 310 voix sur 652 exprim\u00e9es\u00a0;<\/li>\n\n\n\n<li>Est \u00e9lu rapporteur adjoint\u00a0: Monsieur Kambale\u00a0 Mupenda Dalmon avec 304 voix sur 652 exprim\u00e9es<\/li>\n\n\n\n<li>Est \u00e9lue questeur\u00a0: Madame Nziavake Nzonda, avec 337 voix sur 652 voix exprim\u00e9es<\/li>\n<\/ul>\n\n\n\n<p>Pr\u00e9sent durant toute l\u2019op\u00e9ration de vote, le pr\u00e9sident de la coordination territoriale de la soci\u00e9t\u00e9 civile de Lubero, monsieur Muhindo Tafuteni salut la bonne ambiance dans laquelle se sont d\u00e9roul\u00e9es ces \u00e9lections et souhaite bon succ\u00e8s aux heureux du jour, avant de leur demander \u00e0 travailler en franche collaboration durant leu mandat.<\/p>\n\n\n\n<p>Adam Katina Jackson<\/p>\n","protected":false},"excerpt":{"rendered":"<p>Election d\u2019une nouveaux animateurs de la Soci\u00e9t\u00e9 Civile de la commune Rurale de Masereka ce Mercredi 29 avril<\/p>\n","protected":false},"author":2,"featured_media":680,"comment_status":"open","ping_status":"open","sticky":false,"template":"","format":"standard","meta":{"footnotes":""},"categories":[1],"tags":[],"class_list":["post-679","post","type-post","status-publish","format-standard","has-post-thumbnail","hentry","category-flash"],"_links":{"self":[{"href":"https:\/\/rebtv.org\/index.php?rest_route=\/wp\/v2\/posts\/679","targetHints":{"allow":["GET"]}}],"collection":[{"href":"https:\/\/rebtv.org\/index.php?rest_route=\/wp\/v2\/posts"}],"about":[{"href":"https:\/\/rebtv.org\/index.php?rest_route=\/wp\/v2\/types\/post"}],"author":[{"embeddable":true,"href":"https:\/\/rebtv.org\/index.php?rest_route=\/wp\/v2\/users\/2"}],"replies":[{"embeddable":true,"href":"https:\/\/rebtv.org\/index.php?rest_route=%2Fwp%2Fv2%2Fcomments&post=679"}],"version-history":[{"count":1,"href":"https:\/\/rebtv.org\/index.php?rest_route=\/wp\/v2\/posts\/679\/revisions"}],"predecessor-version":[{"id":681,"href":"https:\/\/rebtv.org\/index.php?rest_route=\/wp\/v2\/posts\/679\/revisions\/681"}],"wp:featuredmedia":[{"embeddable":true,"href":"https:\/\/rebtv.org\/index.php?rest_route=\/wp\/v2\/media\/680"}],"wp:attachment":[{"href":"https:\/\/rebtv.org\/index.php?rest_route=%2Fwp%2Fv2%2Fmedia&parent=679"}],"wp:term":[{"taxonomy":"category","embeddable":true,"href":"https:\/\/rebtv.org\/index.php?rest_route=%2Fwp%2Fv2%2Fcategories&post=679"},{"taxonomy":"post_tag","embeddable":true,"href":"https:\/\/rebtv.org\/index.php?rest_route=%2Fwp%2Fv2%2Ftags&post=679"}],"curies":[{"name":"wp","href":"https:\/\/api.w.org\/{rel}","templated":true}]}}