{"id":650,"date":"2026-04-25T16:37:46","date_gmt":"2026-04-25T16:37:46","guid":{"rendered":"https:\/\/rebtv.org\/?p=650"},"modified":"2026-04-25T16:37:48","modified_gmt":"2026-04-25T16:37:48","slug":"goma-le-nouveau-patron-de-la-monusco-james-swan-sur-le-mobile-de-sa-visite-dans-la-ville-volcanique-de-goma","status":"publish","type":"post","link":"https:\/\/rebtv.org\/?p=650","title":{"rendered":"Goma: Le nouveau patron de la Monusco, James Swan sur le mobile de sa visite dans la ville Volcanique de Goma"},"content":{"rendered":"\n<p><\/p>\n\n\n\n<p>Le repr\u00e9sentant sp\u00e9cial du secr\u00e9taire g\u00e9n\u00e9ral de l\u2019ONU et chef de la MONUSCO James Swan, est arriv\u00e9 ce vendredi 24 avril 2026 dans la ville de Goma. Se confiant \u00e0 la presse \u00e0 son arriv\u00e9e, James Swan a soulign\u00e9 que cette visite s\u2019inscrit dans une d\u00e9marche essentielle de mise en \u0153uvre du cessez-le-feu.<\/p>\n\n\n\n<p>Aussit\u00f4t arriv\u00e9e, le Num\u00e9ro 1 de la Monusco en R\u00e9publique D\u00e9mocratique du Congo a, \u00e0 l\u2019occasion d\u2019un point de presse tenu en Goma, insist\u00e9 sur plusieurs points essentiels pour garantir la cr\u00e9dibilit\u00e9 et l\u2019efficacit\u00e9 du M\u00e9canisme de suivi du cessez-le-feu. Il s\u2019agit notamment de la cessation de l\u2019usage des drones offensifs, de la &nbsp;fin du brouillage et de l\u2019usurpation des signaux GPS, de la pleine libert\u00e9 de mouvement du personnel et des moyens de la MONUSCO, au cot\u00e9 de l\u2019utilisation s\u00fbre des a\u00e9roports et de l\u2019espace a\u00e9rien.<\/p>\n\n\n\n<p>\u00ab<em>&nbsp;Le suivi du cessez-le-feu exige qu\u2019un certain nombre de conditions indispensables soient r\u00e9unies afin de permettre aux m\u00e9canismes conjoints \u00e9largis de v\u00e9rification d\u2019op\u00e9rer de mani\u00e8re cr\u00e9dible, s\u00fbre et efficace. Nous comptons sur la coop\u00e9ration de tous les bellig\u00e9rants pour avancer rapidement dans ce sens<\/em>&nbsp;\u00bb,&nbsp;a-t-il d\u00e9clar\u00e9.<\/p>\n\n\n\n<p>A travers cette visite, le chef de la MONUSCO a affirm\u00e9 vouloir renforcer la dynamique en faveur de la d\u00e9sescalade, redonner espoir aux habitants de la r\u00e9gion et appuyer la mise en \u0153uvre du cessez-le-feu pour une paix durable dans l\u2019Est de la RDC.<\/p>\n\n\n\n<p><strong>Nzangos Muviswa<\/strong><\/p>\n","protected":false},"excerpt":{"rendered":"<p>Le repr\u00e9sentant sp\u00e9cial du secr\u00e9taire g\u00e9n\u00e9ral de l\u2019ONU et chef de la MONUSCO James Swan, est arriv\u00e9 ce<\/p>\n","protected":false},"author":2,"featured_media":651,"comment_status":"open","ping_status":"open","sticky":false,"template":"","format":"standard","meta":{"footnotes":""},"categories":[3],"tags":[],"class_list":["post-650","post","type-post","status-publish","format-standard","has-post-thumbnail","hentry","category-actualites"],"_links":{"self":[{"href":"https:\/\/rebtv.org\/index.php?rest_route=\/wp\/v2\/posts\/650","targetHints":{"allow":["GET"]}}],"collection":[{"href":"https:\/\/rebtv.org\/index.php?rest_route=\/wp\/v2\/posts"}],"about":[{"href":"https:\/\/rebtv.org\/index.php?rest_route=\/wp\/v2\/types\/post"}],"author":[{"embeddable":true,"href":"https:\/\/rebtv.org\/index.php?rest_route=\/wp\/v2\/users\/2"}],"replies":[{"embeddable":true,"href":"https:\/\/rebtv.org\/index.php?rest_route=%2Fwp%2Fv2%2Fcomments&post=650"}],"version-history":[{"count":1,"href":"https:\/\/rebtv.org\/index.php?rest_route=\/wp\/v2\/posts\/650\/revisions"}],"predecessor-version":[{"id":652,"href":"https:\/\/rebtv.org\/index.php?rest_route=\/wp\/v2\/posts\/650\/revisions\/652"}],"wp:featuredmedia":[{"embeddable":true,"href":"https:\/\/rebtv.org\/index.php?rest_route=\/wp\/v2\/media\/651"}],"wp:attachment":[{"href":"https:\/\/rebtv.org\/index.php?rest_route=%2Fwp%2Fv2%2Fmedia&parent=650"}],"wp:term":[{"taxonomy":"category","embeddable":true,"href":"https:\/\/rebtv.org\/index.php?rest_route=%2Fwp%2Fv2%2Fcategories&post=650"},{"taxonomy":"post_tag","embeddable":true,"href":"https:\/\/rebtv.org\/index.php?rest_route=%2Fwp%2Fv2%2Ftags&post=650"}],"curies":[{"name":"wp","href":"https:\/\/api.w.org\/{rel}","templated":true}]}}