{"id":639,"date":"2026-04-23T18:47:18","date_gmt":"2026-04-23T18:47:18","guid":{"rendered":"https:\/\/rebtv.org\/?p=639"},"modified":"2026-04-23T18:47:20","modified_gmt":"2026-04-23T18:47:20","slug":"butembo-education-face-en-face-entre-la-delegation-des-enseignants-et-lautorite-provinciale-de-leducation-le-syeco-butembo-dit-satisfait","status":"publish","type":"post","link":"https:\/\/rebtv.org\/?p=639","title":{"rendered":"Butembo\/\u00c9ducation\u00a0: Face en face entre la d\u00e9l\u00e9gation des enseignants \u00a0et l\u2019autorit\u00e9 Provinciale de l\u2019Education, le SYECO Butembo dit satisfait"},"content":{"rendered":"\n<p><\/p>\n\n\n\n<p>La r\u00e9union d\u2019\u00e9valuation du mouvement de gr\u00e8ve des enseignants membres du syndicat des enseignants du Congo s\u2019est tenue ce jeudi 23 avril 2026 en ville de Butembo, \u00e0 leur &nbsp;si\u00e8ge situ\u00e9 au quartier &nbsp;Kitulu, Commune Mususa en ville de Butembo<\/p>\n\n\n\n<p>Selon Monsieur Benito Mughaso, secr\u00e9taire permanent du SYECO Butembo, &nbsp;cette rencontre a rassembl\u00e9 les responsables syndicaux ainsi que plusieurs enseignants mobilis\u00e9s autour de cette action qui se poursuit depuis plusieurs jours et qu\u2019au cours des \u00e9changes, un envoy\u00e9 du PROVED a fait le d\u00e9placement pour remettre officiellement une invitation aux repr\u00e9sentants syndicaux pour des discussions en vue de trouver une issue \u00e0 la gr\u00e8ve.<\/p>\n\n\n\n<p><em>\u00ab&nbsp; A l\u2019issue de cette Assembl\u00e9e G\u00e9n\u00e9rale, les enseignants ont re\u00e7u un d\u00e9l\u00e9gu\u00e9 de la Direction Provinciale de l\u2019\u00e9ducation Nationale et Nouvelle Citoyennet\u00e9, lui qui est venu d\u00e9poser l\u2019invitation de l\u2019autorit\u00e9 provinciale. Nous remercions le Proved pour avoir song\u00e9 au syndicat des enseignants du Congo en Butembo et lui confirmons que le comit\u00e9 urbain du SYECO Butembo &nbsp;va r\u00e9pondre ce vendredi 24 avril pour des discussions&nbsp;\u00bb a-t-il confirm\u00e9 le SYECO Butembo<\/em><\/p>\n\n\n\n<p>Pour le syndicat des enseignants du Congo en Butembo, c\u2019est un sentiment de satisfaction et d\u2019espoir de voir l\u2019autorit\u00e9 r\u00e9fl\u00e9chir r\u00e9unir les enseignants pour un dialogue constructif. Cette corporation reste confiante que cette incitative pourra contribuer \u00e0 &nbsp;&nbsp;mettre fin \u00e0 cette crise dans le secteur \u00e9ducatif.<\/p>\n\n\n\n<p><strong>NZANGOS<\/strong><\/p>\n","protected":false},"excerpt":{"rendered":"<p>La r\u00e9union d\u2019\u00e9valuation du mouvement de gr\u00e8ve des enseignants membres du syndicat des enseignants du Congo s\u2019est tenue<\/p>\n","protected":false},"author":2,"featured_media":640,"comment_status":"open","ping_status":"open","sticky":false,"template":"","format":"standard","meta":{"footnotes":""},"categories":[3],"tags":[],"class_list":["post-639","post","type-post","status-publish","format-standard","has-post-thumbnail","hentry","category-actualites"],"_links":{"self":[{"href":"https:\/\/rebtv.org\/index.php?rest_route=\/wp\/v2\/posts\/639","targetHints":{"allow":["GET"]}}],"collection":[{"href":"https:\/\/rebtv.org\/index.php?rest_route=\/wp\/v2\/posts"}],"about":[{"href":"https:\/\/rebtv.org\/index.php?rest_route=\/wp\/v2\/types\/post"}],"author":[{"embeddable":true,"href":"https:\/\/rebtv.org\/index.php?rest_route=\/wp\/v2\/users\/2"}],"replies":[{"embeddable":true,"href":"https:\/\/rebtv.org\/index.php?rest_route=%2Fwp%2Fv2%2Fcomments&post=639"}],"version-history":[{"count":1,"href":"https:\/\/rebtv.org\/index.php?rest_route=\/wp\/v2\/posts\/639\/revisions"}],"predecessor-version":[{"id":641,"href":"https:\/\/rebtv.org\/index.php?rest_route=\/wp\/v2\/posts\/639\/revisions\/641"}],"wp:featuredmedia":[{"embeddable":true,"href":"https:\/\/rebtv.org\/index.php?rest_route=\/wp\/v2\/media\/640"}],"wp:attachment":[{"href":"https:\/\/rebtv.org\/index.php?rest_route=%2Fwp%2Fv2%2Fmedia&parent=639"}],"wp:term":[{"taxonomy":"category","embeddable":true,"href":"https:\/\/rebtv.org\/index.php?rest_route=%2Fwp%2Fv2%2Fcategories&post=639"},{"taxonomy":"post_tag","embeddable":true,"href":"https:\/\/rebtv.org\/index.php?rest_route=%2Fwp%2Fv2%2Ftags&post=639"}],"curies":[{"name":"wp","href":"https:\/\/api.w.org\/{rel}","templated":true}]}}