{"id":636,"date":"2026-04-23T18:46:05","date_gmt":"2026-04-23T18:46:05","guid":{"rendered":"https:\/\/rebtv.org\/?p=636"},"modified":"2026-04-23T18:46:09","modified_gmt":"2026-04-23T18:46:09","slug":"butembo-le-collectif-des-victimes-des-conflits-fonciers-en-ville-appelle-les-militaires-deployes-sur-le-terrain-conflictuel-de-mutitiro-a-la-discipline","status":"publish","type":"post","link":"https:\/\/rebtv.org\/?p=636","title":{"rendered":"Butembo\u00a0: Le Collectif des victimes des conflits fonciers en ville appelle les militaires d\u00e9ploy\u00e9s sur le terrain conflictuel de Mutitiro \u00e0 la discipline \u00a0"},"content":{"rendered":"\n<p><\/p>\n\n\n\n<p>Les habitants du quartier Rughenda, commune de Bulengera, en ville de Butembo, au Nord-Kivu alerte sur une implantation d\u2019une position militaire sur un terrain conflictuel de Mutitiro depuis la m\u00e2tin\u00e9e du mercredi 22 avril 2026.<\/p>\n\n\n\n<p>Interrog\u00e9 \u00e0 ce sujet, le porte parole du Collectif de Victimes des conflits fonciers en ville de Butembo, Monsieur Bienfait MATATA confirme cette information et indique avoir vite contact\u00e9 le Commandant FARDC Ville de Butembo bas\u00e9 au camp militaire Rughenda pour savoir le vrai motif de la pr\u00e9sence des militaires dans cette contr\u00e9e. Pour ce d\u00e9fenseur des droits des victimes de conflits fonciers de Butembo, l\u2019autorit\u00e9 militaire a pr\u00e9cis\u00e9e que la pr\u00e9sence de ses militaires sur terrain revient dans leur mission celle de s\u00e9curiser la population et ses biens.<\/p>\n\n\n\n<p><em>\u00ab&nbsp;C\u2019est depuis la matin\u00e9e de ce mercredi 22 avril que le collectif des victimes des conflits fonciers en vile de Butembo a \u00e9t\u00e9 alert\u00e9 de l\u2019implantation d\u2019une position militaire des FARDC \u00e0 Mutitiro, au quartier Rughenda, ville de Butembo. Ayant contact\u00e9 le commandant ville des FARDC bas\u00e9es au camp militaire de Rughenda, le collectif a obtenu quelques \u00e9claircissements&nbsp; quant \u00e0 ce. Selon le responsable militaire, la dite position y ait pour la s\u00e9curisation de la population et ses biens&nbsp;\u00bb a martel\u00e9 Bienfait Matata<\/em><\/p>\n\n\n\n<p>Ainsi, &nbsp;pour Bienfait Matata, venir aujourd\u2019hui s&rsquo;installer dans un terrain conflictuel o\u00f9 la population reste traumatis\u00e9e par les affres de Conflits fonciers, les militaires devraient se mettre \u00e0 favoriser la collaboration avec la population plut\u00f4t que d\u2019entretenir une id\u00e9e louche, celle de se mixer dans les conflits fonciers qui d\u00e9chirent la contr\u00e9e.<\/p>\n\n\n\n<p>&nbsp;<em>\u00ab&nbsp;Vu que cette position militaire vient s\u2019installer dans ce terrain conflictuel o\u00f9 la population reste traumatis\u00e9e par les affres des conflits fonciers, nous lan\u00e7ons un appel vibrant aux \u00e9l\u00e9ments FARDC d\u00e9ploy\u00e9s sur ce terrain d\u2019entretenir une \u00e9troite collaboration avec la population locale pour renforcer le mariage civilo-militaire et de s\u2019abstenir de toute id\u00e9e louche de se mixer dans le conflit foncier qui d\u00e9chire la contr\u00e9e&nbsp;\u00bb a-t-il insist\u00e9 Bienfait Matata<\/em><\/p>\n\n\n\n<p>Le collectif des victimes des conflits fonciers en vile de Butembo veut \u00e9galement voir le Commandant FARDC Ville de bien vouloir veiller \u00e0 la discipline de ses \u00e9l\u00e9ments et de ne&nbsp; pas se laisser duper par les financiers du r\u00e9seau maffieux Mboko \u00e0 la recherche de terres \u00e0 bon march\u00e9, mais aussi \u00e0 la population de rester calme, vigilante et collaborante envers ces \u00e9l\u00e9ments y d\u00e9ploy\u00e9s, sans oublier de d\u00e9noncer \u00e0 temps utile les cas de d\u00e9rapages et&nbsp; tracasseries qui peuvent surgir dans cette partie de la commune Bulengera.<\/p>\n\n\n\n<p>Nzangos Muviswa<\/p>\n","protected":false},"excerpt":{"rendered":"<p>Les habitants du quartier Rughenda, commune de Bulengera, en ville de Butembo, au Nord-Kivu alerte sur une implantation<\/p>\n","protected":false},"author":2,"featured_media":637,"comment_status":"open","ping_status":"open","sticky":false,"template":"","format":"standard","meta":{"footnotes":""},"categories":[3],"tags":[],"class_list":["post-636","post","type-post","status-publish","format-standard","has-post-thumbnail","hentry","category-actualites"],"_links":{"self":[{"href":"https:\/\/rebtv.org\/index.php?rest_route=\/wp\/v2\/posts\/636","targetHints":{"allow":["GET"]}}],"collection":[{"href":"https:\/\/rebtv.org\/index.php?rest_route=\/wp\/v2\/posts"}],"about":[{"href":"https:\/\/rebtv.org\/index.php?rest_route=\/wp\/v2\/types\/post"}],"author":[{"embeddable":true,"href":"https:\/\/rebtv.org\/index.php?rest_route=\/wp\/v2\/users\/2"}],"replies":[{"embeddable":true,"href":"https:\/\/rebtv.org\/index.php?rest_route=%2Fwp%2Fv2%2Fcomments&post=636"}],"version-history":[{"count":1,"href":"https:\/\/rebtv.org\/index.php?rest_route=\/wp\/v2\/posts\/636\/revisions"}],"predecessor-version":[{"id":638,"href":"https:\/\/rebtv.org\/index.php?rest_route=\/wp\/v2\/posts\/636\/revisions\/638"}],"wp:featuredmedia":[{"embeddable":true,"href":"https:\/\/rebtv.org\/index.php?rest_route=\/wp\/v2\/media\/637"}],"wp:attachment":[{"href":"https:\/\/rebtv.org\/index.php?rest_route=%2Fwp%2Fv2%2Fmedia&parent=636"}],"wp:term":[{"taxonomy":"category","embeddable":true,"href":"https:\/\/rebtv.org\/index.php?rest_route=%2Fwp%2Fv2%2Fcategories&post=636"},{"taxonomy":"post_tag","embeddable":true,"href":"https:\/\/rebtv.org\/index.php?rest_route=%2Fwp%2Fv2%2Ftags&post=636"}],"curies":[{"name":"wp","href":"https:\/\/api.w.org\/{rel}","templated":true}]}}