{"id":502,"date":"2026-03-28T18:57:42","date_gmt":"2026-03-28T18:57:42","guid":{"rendered":"https:\/\/rebtv.org\/?p=502"},"modified":"2026-03-28T18:57:44","modified_gmt":"2026-03-28T18:57:44","slug":"butembo-ouverture-de-la-26eme-assemblee-generale-de-la-lofepaco-en-ville-de-butemvo-ce-vendredi-27-mars-2026","status":"publish","type":"post","link":"https:\/\/rebtv.org\/?p=502","title":{"rendered":"BUTEMBO\u00a0: Ouverture de la \u00a026\u00e8me Assembl\u00e9e G\u00e9n\u00e9rale de la LOFEPACO en Ville de Butemvo ce vendredi 27 mars 2026"},"content":{"rendered":"\n<p class=\"wp-block-paragraph\"><\/p>\n\n\n\n<p class=\"wp-block-paragraph\"><strong>D\u00e9but ce Vendredi 27 Mars 2026 du 26<sup>\u00e8me<\/sup> parloir ou Assembl\u00e9e G\u00e9n\u00e9rale de la Ligue des Organisations des Femmes Paysannes du Congo (LOFEPACO). Tout se d\u00e9roule dans la salle de r\u00e9union des s\u0153urs orantes de l\u2019Assomption de Kasongomi ici en ville de Butembo. Les participantes, essentiellement des femmes, sont venus des diff\u00e9rentes r\u00e9gions des territoires de Beni et Lubero.<\/strong> Plusieurs points dont les \u00e9lections des nouvelles dirigeantes de cette organisation, l\u2019\u00e9valuation et la planification des activit\u00e9s ont \u00e9t\u00e9 trait\u00e9s par les participants.<\/p>\n\n\n\n<p class=\"wp-block-paragraph\">Dans son mot d\u2019ouverture, madame KAVIRA KAPITULA Esp\u00e9rance, num\u00e9ro un du conseil d\u2019administration de la LOFEPACO est revenue sur les conditions de vie p\u00e9nible que traverse la Ligue suite \u00e0 la situation s\u00e9curitaire dans la partie Est du pays o\u00f9 cette organisation m\u00e8ne ses activit\u00e9s. Malgr\u00e9 cette situation, celle-ci a fait savoir que la LOFEPACO, qui c\u00e9l\u00e8bre ses 25 ans d\u2019existence est en train de tout faire pour militer et d\u00e9fendre les droits de la femme paysanne.<\/p>\n\n\n\n<p class=\"wp-block-paragraph\">Le maire de Butembo, le commissaire sup\u00e9rieur, Mowa Maeki Telly Roger, qui a officiellement lanc\u00e9 ces assises, a fortement encourag\u00e9 la LOFEPACO pour les actions abattue, qui selon s\u2019inscrivent dans la vision du chef de l\u2019Etat. L\u2019autorit\u00e9 urbaine a appel\u00e9 les nouvelles dirigeantes \u00e0 travailler au profit de la femme paysanne tout en indiquant que la ville de Butembo reste engag\u00e9e \u00e0 accompagner toute initiative visa \u00e0 contribuer \u00e0 la promotion de la femme.<\/p>\n\n\n\n<p class=\"wp-block-paragraph\">Apr\u00e8s la pr\u00e9sentation des rapports des diff\u00e9rents organes, \u00e7a ne suivi les \u00e9lections des nouvelles dirigeantes de la LOFEPACO. KAVIRA KAPITULA a encore une fois re\u00e7ue la confiance des membres qui l\u2019ont reconduite \u00e0 la t\u00eate du Conseil d\u2019administration de cette organisation. Elle sera second\u00e9e par madame VAKE. Cette assembl\u00e9e se cl\u00f4ture ce samedi par la c\u00e9l\u00e9bration du jubil\u00e9 d\u2019argent de la LOFEPACO.<\/p>\n\n\n\n<p class=\"wp-block-paragraph\">Tsongo Kamala<\/p>\n","protected":false},"excerpt":{"rendered":"<p>D\u00e9but ce Vendredi 27 Mars 2026 du 26\u00e8me parloir ou Assembl\u00e9e G\u00e9n\u00e9rale de la Ligue des Organisations des<\/p>\n","protected":false},"author":2,"featured_media":503,"comment_status":"open","ping_status":"open","sticky":false,"template":"","format":"standard","meta":{"footnotes":""},"categories":[1],"tags":[],"class_list":["post-502","post","type-post","status-publish","format-standard","has-post-thumbnail","hentry","category-flash"],"_links":{"self":[{"href":"https:\/\/rebtv.org\/index.php?rest_route=\/wp\/v2\/posts\/502","targetHints":{"allow":["GET"]}}],"collection":[{"href":"https:\/\/rebtv.org\/index.php?rest_route=\/wp\/v2\/posts"}],"about":[{"href":"https:\/\/rebtv.org\/index.php?rest_route=\/wp\/v2\/types\/post"}],"author":[{"embeddable":true,"href":"https:\/\/rebtv.org\/index.php?rest_route=\/wp\/v2\/users\/2"}],"replies":[{"embeddable":true,"href":"https:\/\/rebtv.org\/index.php?rest_route=%2Fwp%2Fv2%2Fcomments&post=502"}],"version-history":[{"count":1,"href":"https:\/\/rebtv.org\/index.php?rest_route=\/wp\/v2\/posts\/502\/revisions"}],"predecessor-version":[{"id":504,"href":"https:\/\/rebtv.org\/index.php?rest_route=\/wp\/v2\/posts\/502\/revisions\/504"}],"wp:featuredmedia":[{"embeddable":true,"href":"https:\/\/rebtv.org\/index.php?rest_route=\/wp\/v2\/media\/503"}],"wp:attachment":[{"href":"https:\/\/rebtv.org\/index.php?rest_route=%2Fwp%2Fv2%2Fmedia&parent=502"}],"wp:term":[{"taxonomy":"category","embeddable":true,"href":"https:\/\/rebtv.org\/index.php?rest_route=%2Fwp%2Fv2%2Fcategories&post=502"},{"taxonomy":"post_tag","embeddable":true,"href":"https:\/\/rebtv.org\/index.php?rest_route=%2Fwp%2Fv2%2Ftags&post=502"}],"curies":[{"name":"wp","href":"https:\/\/api.w.org\/{rel}","templated":true}]}}