{"id":136,"date":"2025-02-25T20:47:00","date_gmt":"2025-02-25T20:47:00","guid":{"rendered":"https:\/\/rebtv.org\/?p=136"},"modified":"2025-02-25T20:47:03","modified_gmt":"2025-02-25T20:47:03","slug":"butembo-les-etudiants-de-lulpgl-butembo-dans-une-ecole-de-savoir-sur-la-conception-des-projets-relatif-aux-grands-changement-de-la-societe","status":"publish","type":"post","link":"https:\/\/rebtv.org\/?p=136","title":{"rendered":"BUTEMBO: Les \u00e9tudiants \u00a0de l\u2019ULPGL-Butembo dans une \u00e9cole de savoir sur la conception des projets relatif aux grands changement de la soci\u00e9t\u00e9"},"content":{"rendered":"\n<figure class=\"wp-block-image size-large\"><img loading=\"lazy\" decoding=\"async\" width=\"1024\" height=\"768\" src=\"https:\/\/rebtv.org\/wp-content\/uploads\/2025\/02\/ulpgl-1-1024x768.jpg\" alt=\"\" class=\"wp-image-138\" srcset=\"https:\/\/rebtv.org\/wp-content\/uploads\/2025\/02\/ulpgl-1-1024x768.jpg 1024w, https:\/\/rebtv.org\/wp-content\/uploads\/2025\/02\/ulpgl-1-300x225.jpg 300w, https:\/\/rebtv.org\/wp-content\/uploads\/2025\/02\/ulpgl-1-768x576.jpg 768w, https:\/\/rebtv.org\/wp-content\/uploads\/2025\/02\/ulpgl-1-1536x1152.jpg 1536w, https:\/\/rebtv.org\/wp-content\/uploads\/2025\/02\/ulpgl-1-2048x1536.jpg 2048w\" sizes=\"auto, (max-width: 1024px) 100vw, 1024px\" \/><\/figure>\n\n\n\n<p>L\u2019Universit\u00e9 Libre des Pays de Grands Lac \u00ab&nbsp;ULPGL-Butembo&nbsp;\u00bb a outill\u00e9 les&nbsp; \u00e9tudiants des facult\u00e9s de th\u00e9ologie protestante, Economie et gestion et Agronomie sur l\u2019\u00e9laboration d\u2019un projet tutoriel ce mardi 25 F\u00e9vrier 2025.<\/p>\n\n\n\n<p>Les activit\u00e9s y relatives se sont d\u00e9roul\u00e9es &nbsp;dans la grande salle de conf\u00e9rence de cette Universit\u00e9 sise en cellule Makomo, au quartier Rughenda en commune de Bulengera sous la participation d\u2019un nombre de plus de 70 \u00e9tudiants de trois des facult\u00e9s qu\u2019organise cette entit\u00e9 \u00e9ducative.<\/p>\n\n\n\n<p>S\u00e9ance tenante, le Recteur de l\u2019ULPGL Butembo, l\u2019Ing\u00e9nieur KABUYA JEANOT a expliqu\u00e9 l\u2019importance du syst\u00e8me LMD \u00e0 ses \u00e9tudiants dans l\u2019\u00e9laboration leur projet d\u2019avenir.<\/p>\n\n\n\n<p><em>\u00ab&nbsp; Chers \u00e9tudiants, voudriez \u00eatre fier d\u2019\u00eatre encadr\u00e9 ici \u00e0 l\u2019ULPGL-Butembo o\u00f9 les autorit\u00e9s font tout pour que l\u2019enseignement relatif au syst\u00e8me LMD vous soit transmis dans les m\u00eames conditions telles que d\u00e9fini d\u00e9j\u00e0 par notre minist\u00e8re de tutelle. C\u2019est ainsi qu\u2019\u00e0 ce jour, nous avons souhait\u00e9 vous outiller d\u2019avantage sur la conception des projets que vous irez ex\u00e9cuter en faveur de la communaut\u00e9 humaine, car reste la philosophie m\u00eame de cette nouvelle approche.&nbsp;\u00bb a insist\u00e9 le Professeur KABUYA JEANOT<\/em><\/p>\n\n\n\n<p>Rappelons que l\u2019Universit\u00e9 Libre des Pays des Grand Lac \u00ab&nbsp;ULPGL-Butembo&nbsp;\u00bb est l\u2019une des plus grandes universit\u00e9 de la R\u00e9gion qui organise \u00e0 son sein des facult\u00e9s telles que l\u2019agronomie, Sciences \u00e9conomie et de Gestion, Science de l\u2019\u00e9ducation, Droit, Th\u00e9ologie Protestante et beaucoup d\u2019autres. Elle \u00e9volue aussi avec une institution sup\u00e9rieure d\u00e9nomm\u00e9e Institut Sup\u00e9rieur des Techniques M\u00e9dicale \u2013des Pays de Grand Lacs \u00ab&nbsp;ISTM-PGL&nbsp;\u00bb.<\/p>\n\n\n\n<p>REDACTION REB<\/p>\n","protected":false},"excerpt":{"rendered":"<p>L\u2019Universit\u00e9 Libre des Pays de Grands Lac \u00ab&nbsp;ULPGL-Butembo&nbsp;\u00bb a outill\u00e9 les&nbsp; \u00e9tudiants des facult\u00e9s de th\u00e9ologie protestante, Economie<\/p>\n","protected":false},"author":2,"featured_media":137,"comment_status":"open","ping_status":"open","sticky":false,"template":"","format":"standard","meta":{"footnotes":""},"categories":[1],"tags":[],"class_list":["post-136","post","type-post","status-publish","format-standard","has-post-thumbnail","hentry","category-flash"],"_links":{"self":[{"href":"https:\/\/rebtv.org\/index.php?rest_route=\/wp\/v2\/posts\/136","targetHints":{"allow":["GET"]}}],"collection":[{"href":"https:\/\/rebtv.org\/index.php?rest_route=\/wp\/v2\/posts"}],"about":[{"href":"https:\/\/rebtv.org\/index.php?rest_route=\/wp\/v2\/types\/post"}],"author":[{"embeddable":true,"href":"https:\/\/rebtv.org\/index.php?rest_route=\/wp\/v2\/users\/2"}],"replies":[{"embeddable":true,"href":"https:\/\/rebtv.org\/index.php?rest_route=%2Fwp%2Fv2%2Fcomments&post=136"}],"version-history":[{"count":1,"href":"https:\/\/rebtv.org\/index.php?rest_route=\/wp\/v2\/posts\/136\/revisions"}],"predecessor-version":[{"id":139,"href":"https:\/\/rebtv.org\/index.php?rest_route=\/wp\/v2\/posts\/136\/revisions\/139"}],"wp:featuredmedia":[{"embeddable":true,"href":"https:\/\/rebtv.org\/index.php?rest_route=\/wp\/v2\/media\/137"}],"wp:attachment":[{"href":"https:\/\/rebtv.org\/index.php?rest_route=%2Fwp%2Fv2%2Fmedia&parent=136"}],"wp:term":[{"taxonomy":"category","embeddable":true,"href":"https:\/\/rebtv.org\/index.php?rest_route=%2Fwp%2Fv2%2Fcategories&post=136"},{"taxonomy":"post_tag","embeddable":true,"href":"https:\/\/rebtv.org\/index.php?rest_route=%2Fwp%2Fv2%2Ftags&post=136"}],"curies":[{"name":"wp","href":"https:\/\/api.w.org\/{rel}","templated":true}]}}